{"id":3749,"date":"2024-10-30T12:13:05","date_gmt":"2024-10-30T11:13:05","guid":{"rendered":"https:\/\/www.lavillaracine.com\/?p=3749"},"modified":"2025-02-26T12:09:23","modified_gmt":"2025-02-26T11:09:23","slug":"pourquoi-choisir-la-villa-racine-pour-vos-reunions-et-conferences","status":"publish","type":"post","link":"https:\/\/www.lavillaracine.com\/index.php\/2024\/10\/30\/pourquoi-choisir-la-villa-racine-pour-vos-reunions-et-conferences\/","title":{"rendered":"Pourquoi choisir La Villa Racine pour vos r\u00e9unions et conf\u00e9rences ?"},"content":{"rendered":"\r\n<p>Dans un cadre professionnel, le choix du lieu pour un \u00e9v\u00e9nement ou un s\u00e9minaire est essentiel pour garantir son succ\u00e8s. \u00c0 Dakar, La Villa Racine se distingue par son cadre, son expertise et ses installations haut de gamme. Voici pourquoi La Villa Racine est le choix id\u00e9al pour organiser un \u00e9v\u00e9nement d&rsquo;entreprise ou un s\u00e9minaire m\u00e9morable.<\/p>\r\n\r\n\r\n\r\n<ol class=\"wp-block-list\">\r\n<li>Un cadre \u00e9l\u00e9gant et inspirant en plein c\u0153ur de Dakar<br \/>La Villa Racine est id\u00e9alement situ\u00e9e au centre de Dakar, \u00e0 proximit\u00e9 des principaux quartiers d&rsquo;affaires et points d&rsquo;int\u00e9r\u00eat de la ville. Ce positionnement strat\u00e9gique offre une accessibilit\u00e9 optimale pour les invit\u00e9s, facilitant leur d\u00e9placement tout en leur offrant un cadre \u00e9l\u00e9gant, avec une architecture m\u00ealant charme colonial et design moderne.<\/li>\r\n\r\n\r\n\r\n<li>Des installations et \u00e9quipements de qualit\u00e9 pour des \u00e9v\u00e9nements r\u00e9ussis<br \/>La Villa Racine met \u00e0 disposition des espaces adapt\u00e9s aux besoins des entreprises : salles de r\u00e9union modulables, mat\u00e9riel audiovisuel de pointe, connexion Wi-Fi haut d\u00e9bit et support technique sur place. Nos salles sont \u00e9quip\u00e9es pour accueillir des s\u00e9minaires, des r\u00e9unions ou des pr\u00e9sentations de tout type, garantissant une exp\u00e9rience fluide et professionnelle.<\/li>\r\n\r\n\r\n\r\n<li>Une \u00e9quipe d\u00e9di\u00e9e \u00e0 votre service<br \/>L\u2019\u00e9quipe de La Villa Racine est form\u00e9e pour vous accompagner \u00e0 chaque \u00e9tape de l\u2019organisation de votre \u00e9v\u00e9nement. De la planification au jour J, en passant par la logistique, nous prenons soin de chaque d\u00e9tail pour que vous puissiez vous concentrer sur l&rsquo;essentiel : le contenu de votre \u00e9v\u00e9nement et l\u2019engagement de vos participants.<\/li>\r\n\r\n\r\n\r\n<li>Une offre de restauration savoureuse et sur mesure<br \/>Lors de tout \u00e9v\u00e9nement d\u2019entreprise, la pause repas est cruciale pour la convivialit\u00e9 et la satisfaction des participants. La Villa Racine propose une offre de restauration vari\u00e9e, incluant des options de buffets, cocktails d\u00eenatoires et menus personnalis\u00e9s, mettant en valeur les saveurs locales et internationales.<\/li>\r\n\r\n\r\n\r\n<li>Des h\u00e9bergements confortables pour prolonger l&rsquo;exp\u00e9rience<br \/>Si votre \u00e9v\u00e9nement s\u2019\u00e9tend sur plusieurs jours, vos invit\u00e9s peuvent b\u00e9n\u00e9ficier de nos chambres et suites confortables. Avec une ambiance cosy, un service attentif et un environnement calme, ils pourront se d\u00e9tendre et profiter d\u2019une exp\u00e9rience de s\u00e9jour agr\u00e9able, renfor\u00e7ant leur satisfaction globale.<\/li>\r\n\r\n\r\n\r\n<li>Un engagement pour la r\u00e9ussite de votre \u00e9v\u00e9nement<br \/>Nous comprenons que chaque \u00e9v\u00e9nement est unique et exige un haut niveau de pr\u00e9cision. L\u2019\u00e9quipe de La Villa Racine s\u2019engage \u00e0 fournir un service personnalis\u00e9, \u00e0 l\u2019\u00e9coute de vos besoins sp\u00e9cifiques pour faire de votre s\u00e9minaire ou \u00e9v\u00e9nement un succ\u00e8s.<\/li>\r\n<\/ol>\r\n\r\n\r\n\r\n<p>Conclusion : Un \u00e9v\u00e9nement \u00e0 La Villa Racine, une exp\u00e9rience r\u00e9ussie \u00e0 Dakar<\/p>\r\n\r\n\r\n\r\n<p>Que vous souhaitiez organiser un s\u00e9minaire, un atelier, un lancement de produit ou une conf\u00e9rence, La Villa Racine \u00e0 Dakar saura r\u00e9pondre \u00e0 vos exigences les plus \u00e9lev\u00e9es. Optez pour un cadre d\u2019exception, un service de qualit\u00e9 et une expertise \u00e9prouv\u00e9e pour faire de votre \u00e9v\u00e9nement un moment m\u00e9morable pour vos invit\u00e9s.<\/p>\r\n","protected":false},"excerpt":{"rendered":"<p>Dans un cadre professionnel, le choix du lieu pour un \u00e9v\u00e9nement ou un s\u00e9minaire est essentiel pour garantir son succ\u00e8s. \u00c0 Dakar, La Villa Racine se distingue par son cadre, son expertise et ses installations haut de gamme. Voici pourquoi La Villa Racine est le choix id\u00e9al pour organiser un \u00e9v\u00e9nement d&rsquo;entreprise ou un s\u00e9minaire m\u00e9morable. Conclusion : Un \u00e9v\u00e9nement \u00e0 La Villa Racine, une exp\u00e9rience r\u00e9ussie \u00e0 Dakar Que vous souhaitiez organiser un s\u00e9minaire, un atelier, un lancement de produit ou une conf\u00e9rence, La Villa Racine \u00e0 Dakar saura r\u00e9pondre \u00e0 vos exigences les plus \u00e9lev\u00e9es. Optez pour un cadre d\u2019exception, un service de qualit\u00e9 et une expertise \u00e9prouv\u00e9e pour faire de votre \u00e9v\u00e9nement un moment m\u00e9morable pour vos invit\u00e9s.<\/p>\n","protected":false},"author":1,"featured_media":3776,"comment_status":"open","ping_status":"open","sticky":false,"template":"","format":"standard","meta":{"_price":"","_stock":"","_tribe_ticket_header":"","_tribe_default_ticket_provider":"","_tribe_ticket_capacity":"0","_ticket_start_date":"","_ticket_end_date":"","_tribe_ticket_show_description":"","_tribe_ticket_show_not_going":false,"_tribe_ticket_use_global_stock":"","_tribe_ticket_global_stock_level":"","_global_stock_mode":"","_global_stock_cap":"","_tribe_rsvp_for_event":"","_tribe_ticket_going_count":"","_tribe_ticket_not_going_count":"","_tribe_tickets_list":"[]","_tribe_ticket_has_attendee_info_fields":false,"loftocean_post_format_gallery":"","loftocean_post_format_gallery_ids":"","loftocean_post_format_gallery_urls":"","loftocean_post_format_video_id":0,"loftocean_post_format_video_url":"","loftocean_post_format_video_type":"","loftocean_post_format_video":"","loftocean_post_format_audio_type":"","loftocean_post_format_audio_url":"","loftocean_post_format_audio_id":0,"loftocean_post_format_audio":"","loftocean-like-count":0,"cozystay_single_post_hide_site_header":"","cozystay_single_post_site_header_source":"","cozystay_single_post_custom_site_header":"0","cozystay_single_post_custom_sticky_site_header":"0","cozystay_single_post_hide_page_title":"","cozystay_single_post_site_footer_hide_main":"","cozystay_single_custom_site_footer_main_source":"","cozystay_single_custom_site_footer_main":"0","cozystay_single_post_site_footer_hide_above":"","cozystay_single_custom_site_footer_above_source":"","cozystay_single_custom_site_footer_above":"0","cozystay_single_post_site_footer_hide_instagram":"","cozystay_single_post_site_footer_hide_bottom":"","cozystay_single_custom_mobile_menu_source":"","cozystay_single_custom_mobile_menu":"0","cozystay_single_custom_mobile_menu_animation":"","cozystay_single_custom_mobile_menu_width":"","cozystay_single_custom_mobile_menu_custom_width":375,"cozystay_single_post_template":"","footnotes":""},"categories":[1],"tags":[],"class_list":["post-3749","post","type-post","status-publish","format-standard","has-post-thumbnail","hentry","category-non-classe"],"yoast_head":"<!-- This site is optimized with the Yoast SEO Premium plugin v27.3 (Yoast SEO v27.3) - https:\/\/yoast.com\/product\/yoast-seo-premium-wordpress\/ -->\n<title>Pourquoi choisir La Villa Racine pour vos r\u00e9unions et conf\u00e9rences ? - Boutique Hotel La Villa Racine<\/title>\n<meta name=\"description\" content=\"Dans un cadre professionnel, le choix du lieu pour un \u00e9v\u00e9nement ou un s\u00e9minaire est essentiel pour garantir son succ\u00e8s. \u00c0 Dakar, La Villa Racine se distingue par son cadre, son expertise et ses installations haut de gamme. Voici pourquoi La Villa Racine est le choix id\u00e9al pour organiser un \u00e9v\u00e9nement d&#039;entreprise ou un s\u00e9minaire m\u00e9morable.\" \/>\n<meta name=\"robots\" content=\"index, follow, max-snippet:-1, max-image-preview:large, max-video-preview:-1\" \/>\n<link rel=\"canonical\" href=\"https:\/\/www.lavillaracine.com\/index.php\/2024\/10\/30\/pourquoi-choisir-la-villa-racine-pour-vos-reunions-et-conferences\/\" \/>\n<meta property=\"og:locale\" content=\"fr_FR\" \/>\n<meta property=\"og:type\" content=\"article\" \/>\n<meta property=\"og:title\" content=\"Pourquoi choisir La Villa Racine pour vos r\u00e9unions et conf\u00e9rences ?\" \/>\n<meta property=\"og:description\" content=\"Dans un cadre professionnel, le choix du lieu pour un \u00e9v\u00e9nement ou un s\u00e9minaire est essentiel pour garantir son succ\u00e8s. \u00c0 Dakar, La Villa Racine se distingue par son cadre, son expertise et ses installations haut de gamme. Voici pourquoi La Villa Racine est le choix id\u00e9al pour organiser un \u00e9v\u00e9nement d&#039;entreprise ou un s\u00e9minaire m\u00e9morable.\" \/>\n<meta property=\"og:url\" content=\"https:\/\/www.lavillaracine.com\/index.php\/2024\/10\/30\/pourquoi-choisir-la-villa-racine-pour-vos-reunions-et-conferences\/\" \/>\n<meta property=\"og:site_name\" content=\"Boutique Hotel La Villa Racine\" \/>\n<meta property=\"article:publisher\" content=\"https:\/\/www.facebook.com\/lavillaRacine\" \/>\n<meta property=\"article:published_time\" content=\"2024-10-30T11:13:05+00:00\" \/>\n<meta property=\"article:modified_time\" content=\"2025-02-26T11:09:23+00:00\" \/>\n<meta property=\"og:image\" content=\"https:\/\/www.lavillaracine.com\/wp-content\/uploads\/2024\/10\/Boutique-Hotel-La-Villa-Racine-Pourquoi-Organiser-ses-evenements-reunion-et-conference-a-la-villa-Racine-scaled.jpg\" \/>\n\t<meta property=\"og:image:width\" content=\"2560\" \/>\n\t<meta property=\"og:image:height\" content=\"1706\" \/>\n\t<meta property=\"og:image:type\" content=\"image\/jpeg\" \/>\n<meta name=\"author\" content=\"support@digi-communication.com\" \/>\n<meta name=\"twitter:card\" content=\"summary_large_image\" \/>\n<meta name=\"twitter:label1\" content=\"\u00c9crit par\" \/>\n\t<meta name=\"twitter:data1\" content=\"support@digi-communication.com\" \/>\n\t<meta name=\"twitter:label2\" content=\"Dur\u00e9e de lecture estim\u00e9e\" \/>\n\t<meta name=\"twitter:data2\" content=\"3 minutes\" \/>\n<script type=\"application\/ld+json\" class=\"yoast-schema-graph\">{\"@context\":\"https:\\\/\\\/schema.org\",\"@graph\":[{\"@type\":\"Article\",\"@id\":\"https:\\\/\\\/www.lavillaracine.com\\\/index.php\\\/2024\\\/10\\\/30\\\/pourquoi-choisir-la-villa-racine-pour-vos-reunions-et-conferences\\\/#article\",\"isPartOf\":{\"@id\":\"https:\\\/\\\/www.lavillaracine.com\\\/index.php\\\/2024\\\/10\\\/30\\\/pourquoi-choisir-la-villa-racine-pour-vos-reunions-et-conferences\\\/\"},\"author\":{\"name\":\"support@digi-communication.com\",\"@id\":\"https:\\\/\\\/www.lavillaracine.com\\\/#\\\/schema\\\/person\\\/bd29c9dce6a95711f58316f93d0182e3\"},\"headline\":\"Pourquoi choisir La Villa Racine pour vos r\u00e9unions et conf\u00e9rences ?\",\"datePublished\":\"2024-10-30T11:13:05+00:00\",\"dateModified\":\"2025-02-26T11:09:23+00:00\",\"mainEntityOfPage\":{\"@id\":\"https:\\\/\\\/www.lavillaracine.com\\\/index.php\\\/2024\\\/10\\\/30\\\/pourquoi-choisir-la-villa-racine-pour-vos-reunions-et-conferences\\\/\"},\"wordCount\":526,\"commentCount\":0,\"publisher\":{\"@id\":\"https:\\\/\\\/www.lavillaracine.com\\\/#organization\"},\"image\":{\"@id\":\"https:\\\/\\\/www.lavillaracine.com\\\/index.php\\\/2024\\\/10\\\/30\\\/pourquoi-choisir-la-villa-racine-pour-vos-reunions-et-conferences\\\/#primaryimage\"},\"thumbnailUrl\":\"https:\\\/\\\/www.lavillaracine.com\\\/wp-content\\\/uploads\\\/2024\\\/10\\\/Boutique-Hotel-La-Villa-Racine-Pourquoi-Organiser-ses-evenements-reunion-et-conference-a-la-villa-Racine-scaled.jpg\",\"inLanguage\":\"fr-FR\",\"potentialAction\":[{\"@type\":\"CommentAction\",\"name\":\"Comment\",\"target\":[\"https:\\\/\\\/www.lavillaracine.com\\\/index.php\\\/2024\\\/10\\\/30\\\/pourquoi-choisir-la-villa-racine-pour-vos-reunions-et-conferences\\\/#respond\"]}]},{\"@type\":\"WebPage\",\"@id\":\"https:\\\/\\\/www.lavillaracine.com\\\/index.php\\\/2024\\\/10\\\/30\\\/pourquoi-choisir-la-villa-racine-pour-vos-reunions-et-conferences\\\/\",\"url\":\"https:\\\/\\\/www.lavillaracine.com\\\/index.php\\\/2024\\\/10\\\/30\\\/pourquoi-choisir-la-villa-racine-pour-vos-reunions-et-conferences\\\/\",\"name\":\"Pourquoi choisir La Villa Racine pour vos r\u00e9unions et conf\u00e9rences ? - Boutique Hotel La Villa Racine\",\"isPartOf\":{\"@id\":\"https:\\\/\\\/www.lavillaracine.com\\\/#website\"},\"primaryImageOfPage\":{\"@id\":\"https:\\\/\\\/www.lavillaracine.com\\\/index.php\\\/2024\\\/10\\\/30\\\/pourquoi-choisir-la-villa-racine-pour-vos-reunions-et-conferences\\\/#primaryimage\"},\"image\":{\"@id\":\"https:\\\/\\\/www.lavillaracine.com\\\/index.php\\\/2024\\\/10\\\/30\\\/pourquoi-choisir-la-villa-racine-pour-vos-reunions-et-conferences\\\/#primaryimage\"},\"thumbnailUrl\":\"https:\\\/\\\/www.lavillaracine.com\\\/wp-content\\\/uploads\\\/2024\\\/10\\\/Boutique-Hotel-La-Villa-Racine-Pourquoi-Organiser-ses-evenements-reunion-et-conference-a-la-villa-Racine-scaled.jpg\",\"datePublished\":\"2024-10-30T11:13:05+00:00\",\"dateModified\":\"2025-02-26T11:09:23+00:00\",\"description\":\"Dans un cadre professionnel, le choix du lieu pour un \u00e9v\u00e9nement ou un s\u00e9minaire est essentiel pour garantir son succ\u00e8s. \u00c0 Dakar, La Villa Racine se distingue par son cadre, son expertise et ses installations haut de gamme. Voici pourquoi La Villa Racine est le choix id\u00e9al pour organiser un \u00e9v\u00e9nement d'entreprise ou un s\u00e9minaire m\u00e9morable.\",\"breadcrumb\":{\"@id\":\"https:\\\/\\\/www.lavillaracine.com\\\/index.php\\\/2024\\\/10\\\/30\\\/pourquoi-choisir-la-villa-racine-pour-vos-reunions-et-conferences\\\/#breadcrumb\"},\"inLanguage\":\"fr-FR\",\"potentialAction\":[{\"@type\":\"ReadAction\",\"target\":[\"https:\\\/\\\/www.lavillaracine.com\\\/index.php\\\/2024\\\/10\\\/30\\\/pourquoi-choisir-la-villa-racine-pour-vos-reunions-et-conferences\\\/\"]}]},{\"@type\":\"ImageObject\",\"inLanguage\":\"fr-FR\",\"@id\":\"https:\\\/\\\/www.lavillaracine.com\\\/index.php\\\/2024\\\/10\\\/30\\\/pourquoi-choisir-la-villa-racine-pour-vos-reunions-et-conferences\\\/#primaryimage\",\"url\":\"https:\\\/\\\/www.lavillaracine.com\\\/wp-content\\\/uploads\\\/2024\\\/10\\\/Boutique-Hotel-La-Villa-Racine-Pourquoi-Organiser-ses-evenements-reunion-et-conference-a-la-villa-Racine-scaled.jpg\",\"contentUrl\":\"https:\\\/\\\/www.lavillaracine.com\\\/wp-content\\\/uploads\\\/2024\\\/10\\\/Boutique-Hotel-La-Villa-Racine-Pourquoi-Organiser-ses-evenements-reunion-et-conference-a-la-villa-Racine-scaled.jpg\",\"width\":2560,\"height\":1706},{\"@type\":\"BreadcrumbList\",\"@id\":\"https:\\\/\\\/www.lavillaracine.com\\\/index.php\\\/2024\\\/10\\\/30\\\/pourquoi-choisir-la-villa-racine-pour-vos-reunions-et-conferences\\\/#breadcrumb\",\"itemListElement\":[{\"@type\":\"ListItem\",\"position\":1,\"name\":\"Home\",\"item\":\"https:\\\/\\\/www.lavillaracine.com\\\/\"},{\"@type\":\"ListItem\",\"position\":2,\"name\":\"Pourquoi choisir La Villa Racine pour vos r\u00e9unions et conf\u00e9rences ?\"}]},{\"@type\":\"WebSite\",\"@id\":\"https:\\\/\\\/www.lavillaracine.com\\\/#website\",\"url\":\"https:\\\/\\\/www.lavillaracine.com\\\/\",\"name\":\"Boutique Hotel La Villa Racine\",\"description\":\"L&#039;hotel qui vous change de l&#039;hotel\",\"publisher\":{\"@id\":\"https:\\\/\\\/www.lavillaracine.com\\\/#organization\"},\"alternateName\":\"Hotel la Villa Racine Dakar\",\"potentialAction\":[{\"@type\":\"SearchAction\",\"target\":{\"@type\":\"EntryPoint\",\"urlTemplate\":\"https:\\\/\\\/www.lavillaracine.com\\\/?s={search_term_string}\"},\"query-input\":{\"@type\":\"PropertyValueSpecification\",\"valueRequired\":true,\"valueName\":\"search_term_string\"}}],\"inLanguage\":\"fr-FR\"},{\"@type\":\"Organization\",\"@id\":\"https:\\\/\\\/www.lavillaracine.com\\\/#organization\",\"name\":\"Boutique Hotel La Villa Racine\",\"alternateName\":\"Hotel La Villa Racine Dakar\",\"url\":\"https:\\\/\\\/www.lavillaracine.com\\\/\",\"logo\":{\"@type\":\"ImageObject\",\"inLanguage\":\"fr-FR\",\"@id\":\"https:\\\/\\\/www.lavillaracine.com\\\/#\\\/schema\\\/logo\\\/image\\\/\",\"url\":\"https:\\\/\\\/www.lavillaracine.com\\\/wp-content\\\/uploads\\\/2021\\\/12\\\/LOGO-1.png\",\"contentUrl\":\"https:\\\/\\\/www.lavillaracine.com\\\/wp-content\\\/uploads\\\/2021\\\/12\\\/LOGO-1.png\",\"width\":424,\"height\":996,\"caption\":\"Boutique Hotel La Villa Racine\"},\"image\":{\"@id\":\"https:\\\/\\\/www.lavillaracine.com\\\/#\\\/schema\\\/logo\\\/image\\\/\"},\"sameAs\":[\"https:\\\/\\\/www.facebook.com\\\/lavillaRacine\",\"https:\\\/\\\/www.instagram.com\\\/hotel_lavillaracine\\\/\"],\"description\":\"Au c\u0153ur du Plateau, de ses quartiers d\u2019affaires, ses \u00e9tablissements financiers, ses commerces et ses sites culturels, Le Boutique Hotel La villa Racine boutique-h\u00f4tel 4 \u00e9toiles, offre un cadre mariant confort, \u00e9l\u00e9gance, et s\u00e9curit\u00e9, propice \u00e0 la d\u00e9tente, \u00e0 l\u2019intimit\u00e9, \u00e0 la r\u00e9flexion, \u00e0 la conversation et au travail. H\u00f4tel d\u2019affaires, La Villa Racine, ce sont aussi des salles polyvalentes pour des conf\u00e9rences, expositions, s\u00e9minaires ou autres c\u00e9r\u00e9monies.\",\"email\":\"lavillaracine@lavillaracine.com\",\"telephone\":\"+221 33 889 41 41\",\"legalName\":\"Boutique Hotel La Villa Racine\",\"numberOfEmployees\":{\"@type\":\"QuantitativeValue\",\"minValue\":\"11\",\"maxValue\":\"50\"}},{\"@type\":\"Person\",\"@id\":\"https:\\\/\\\/www.lavillaracine.com\\\/#\\\/schema\\\/person\\\/bd29c9dce6a95711f58316f93d0182e3\",\"name\":\"support@digi-communication.com\",\"image\":{\"@type\":\"ImageObject\",\"inLanguage\":\"fr-FR\",\"@id\":\"https:\\\/\\\/secure.gravatar.com\\\/avatar\\\/3e3858b76a247c2269c9ebc4846d715f6aaec5891817954688ecbf0b6adc07ec?s=96&d=mm&r=g\",\"url\":\"https:\\\/\\\/secure.gravatar.com\\\/avatar\\\/3e3858b76a247c2269c9ebc4846d715f6aaec5891817954688ecbf0b6adc07ec?s=96&d=mm&r=g\",\"contentUrl\":\"https:\\\/\\\/secure.gravatar.com\\\/avatar\\\/3e3858b76a247c2269c9ebc4846d715f6aaec5891817954688ecbf0b6adc07ec?s=96&d=mm&r=g\",\"caption\":\"support@digi-communication.com\"},\"sameAs\":[\"https:\\\/\\\/www.lavillaracine.com\"],\"url\":\"https:\\\/\\\/www.lavillaracine.com\\\/index.php\\\/author\\\/supportdigi-communication-com\\\/\"}]}<\/script>\n<!-- \/ Yoast SEO Premium plugin. -->","yoast_head_json":{"title":"Pourquoi choisir La Villa Racine pour vos r\u00e9unions et conf\u00e9rences ? - Boutique Hotel La Villa Racine","description":"Dans un cadre professionnel, le choix du lieu pour un \u00e9v\u00e9nement ou un s\u00e9minaire est essentiel pour garantir son succ\u00e8s. \u00c0 Dakar, La Villa Racine se distingue par son cadre, son expertise et ses installations haut de gamme. Voici pourquoi La Villa Racine est le choix id\u00e9al pour organiser un \u00e9v\u00e9nement d'entreprise ou un s\u00e9minaire m\u00e9morable.","robots":{"index":"index","follow":"follow","max-snippet":"max-snippet:-1","max-image-preview":"max-image-preview:large","max-video-preview":"max-video-preview:-1"},"canonical":"https:\/\/www.lavillaracine.com\/index.php\/2024\/10\/30\/pourquoi-choisir-la-villa-racine-pour-vos-reunions-et-conferences\/","og_locale":"fr_FR","og_type":"article","og_title":"Pourquoi choisir La Villa Racine pour vos r\u00e9unions et conf\u00e9rences ?","og_description":"Dans un cadre professionnel, le choix du lieu pour un \u00e9v\u00e9nement ou un s\u00e9minaire est essentiel pour garantir son succ\u00e8s. \u00c0 Dakar, La Villa Racine se distingue par son cadre, son expertise et ses installations haut de gamme. Voici pourquoi La Villa Racine est le choix id\u00e9al pour organiser un \u00e9v\u00e9nement d'entreprise ou un s\u00e9minaire m\u00e9morable.","og_url":"https:\/\/www.lavillaracine.com\/index.php\/2024\/10\/30\/pourquoi-choisir-la-villa-racine-pour-vos-reunions-et-conferences\/","og_site_name":"Boutique Hotel La Villa Racine","article_publisher":"https:\/\/www.facebook.com\/lavillaRacine","article_published_time":"2024-10-30T11:13:05+00:00","article_modified_time":"2025-02-26T11:09:23+00:00","og_image":[{"width":2560,"height":1706,"url":"https:\/\/www.lavillaracine.com\/wp-content\/uploads\/2024\/10\/Boutique-Hotel-La-Villa-Racine-Pourquoi-Organiser-ses-evenements-reunion-et-conference-a-la-villa-Racine-scaled.jpg","type":"image\/jpeg"}],"author":"support@digi-communication.com","twitter_card":"summary_large_image","twitter_misc":{"\u00c9crit par":"support@digi-communication.com","Dur\u00e9e de lecture estim\u00e9e":"3 minutes"},"schema":{"@context":"https:\/\/schema.org","@graph":[{"@type":"Article","@id":"https:\/\/www.lavillaracine.com\/index.php\/2024\/10\/30\/pourquoi-choisir-la-villa-racine-pour-vos-reunions-et-conferences\/#article","isPartOf":{"@id":"https:\/\/www.lavillaracine.com\/index.php\/2024\/10\/30\/pourquoi-choisir-la-villa-racine-pour-vos-reunions-et-conferences\/"},"author":{"name":"support@digi-communication.com","@id":"https:\/\/www.lavillaracine.com\/#\/schema\/person\/bd29c9dce6a95711f58316f93d0182e3"},"headline":"Pourquoi choisir La Villa Racine pour vos r\u00e9unions et conf\u00e9rences ?","datePublished":"2024-10-30T11:13:05+00:00","dateModified":"2025-02-26T11:09:23+00:00","mainEntityOfPage":{"@id":"https:\/\/www.lavillaracine.com\/index.php\/2024\/10\/30\/pourquoi-choisir-la-villa-racine-pour-vos-reunions-et-conferences\/"},"wordCount":526,"commentCount":0,"publisher":{"@id":"https:\/\/www.lavillaracine.com\/#organization"},"image":{"@id":"https:\/\/www.lavillaracine.com\/index.php\/2024\/10\/30\/pourquoi-choisir-la-villa-racine-pour-vos-reunions-et-conferences\/#primaryimage"},"thumbnailUrl":"https:\/\/www.lavillaracine.com\/wp-content\/uploads\/2024\/10\/Boutique-Hotel-La-Villa-Racine-Pourquoi-Organiser-ses-evenements-reunion-et-conference-a-la-villa-Racine-scaled.jpg","inLanguage":"fr-FR","potentialAction":[{"@type":"CommentAction","name":"Comment","target":["https:\/\/www.lavillaracine.com\/index.php\/2024\/10\/30\/pourquoi-choisir-la-villa-racine-pour-vos-reunions-et-conferences\/#respond"]}]},{"@type":"WebPage","@id":"https:\/\/www.lavillaracine.com\/index.php\/2024\/10\/30\/pourquoi-choisir-la-villa-racine-pour-vos-reunions-et-conferences\/","url":"https:\/\/www.lavillaracine.com\/index.php\/2024\/10\/30\/pourquoi-choisir-la-villa-racine-pour-vos-reunions-et-conferences\/","name":"Pourquoi choisir La Villa Racine pour vos r\u00e9unions et conf\u00e9rences ? - Boutique Hotel La Villa Racine","isPartOf":{"@id":"https:\/\/www.lavillaracine.com\/#website"},"primaryImageOfPage":{"@id":"https:\/\/www.lavillaracine.com\/index.php\/2024\/10\/30\/pourquoi-choisir-la-villa-racine-pour-vos-reunions-et-conferences\/#primaryimage"},"image":{"@id":"https:\/\/www.lavillaracine.com\/index.php\/2024\/10\/30\/pourquoi-choisir-la-villa-racine-pour-vos-reunions-et-conferences\/#primaryimage"},"thumbnailUrl":"https:\/\/www.lavillaracine.com\/wp-content\/uploads\/2024\/10\/Boutique-Hotel-La-Villa-Racine-Pourquoi-Organiser-ses-evenements-reunion-et-conference-a-la-villa-Racine-scaled.jpg","datePublished":"2024-10-30T11:13:05+00:00","dateModified":"2025-02-26T11:09:23+00:00","description":"Dans un cadre professionnel, le choix du lieu pour un \u00e9v\u00e9nement ou un s\u00e9minaire est essentiel pour garantir son succ\u00e8s. \u00c0 Dakar, La Villa Racine se distingue par son cadre, son expertise et ses installations haut de gamme. Voici pourquoi La Villa Racine est le choix id\u00e9al pour organiser un \u00e9v\u00e9nement d'entreprise ou un s\u00e9minaire m\u00e9morable.","breadcrumb":{"@id":"https:\/\/www.lavillaracine.com\/index.php\/2024\/10\/30\/pourquoi-choisir-la-villa-racine-pour-vos-reunions-et-conferences\/#breadcrumb"},"inLanguage":"fr-FR","potentialAction":[{"@type":"ReadAction","target":["https:\/\/www.lavillaracine.com\/index.php\/2024\/10\/30\/pourquoi-choisir-la-villa-racine-pour-vos-reunions-et-conferences\/"]}]},{"@type":"ImageObject","inLanguage":"fr-FR","@id":"https:\/\/www.lavillaracine.com\/index.php\/2024\/10\/30\/pourquoi-choisir-la-villa-racine-pour-vos-reunions-et-conferences\/#primaryimage","url":"https:\/\/www.lavillaracine.com\/wp-content\/uploads\/2024\/10\/Boutique-Hotel-La-Villa-Racine-Pourquoi-Organiser-ses-evenements-reunion-et-conference-a-la-villa-Racine-scaled.jpg","contentUrl":"https:\/\/www.lavillaracine.com\/wp-content\/uploads\/2024\/10\/Boutique-Hotel-La-Villa-Racine-Pourquoi-Organiser-ses-evenements-reunion-et-conference-a-la-villa-Racine-scaled.jpg","width":2560,"height":1706},{"@type":"BreadcrumbList","@id":"https:\/\/www.lavillaracine.com\/index.php\/2024\/10\/30\/pourquoi-choisir-la-villa-racine-pour-vos-reunions-et-conferences\/#breadcrumb","itemListElement":[{"@type":"ListItem","position":1,"name":"Home","item":"https:\/\/www.lavillaracine.com\/"},{"@type":"ListItem","position":2,"name":"Pourquoi choisir La Villa Racine pour vos r\u00e9unions et conf\u00e9rences ?"}]},{"@type":"WebSite","@id":"https:\/\/www.lavillaracine.com\/#website","url":"https:\/\/www.lavillaracine.com\/","name":"Boutique Hotel La Villa Racine","description":"L&#039;hotel qui vous change de l&#039;hotel","publisher":{"@id":"https:\/\/www.lavillaracine.com\/#organization"},"alternateName":"Hotel la Villa Racine Dakar","potentialAction":[{"@type":"SearchAction","target":{"@type":"EntryPoint","urlTemplate":"https:\/\/www.lavillaracine.com\/?s={search_term_string}"},"query-input":{"@type":"PropertyValueSpecification","valueRequired":true,"valueName":"search_term_string"}}],"inLanguage":"fr-FR"},{"@type":"Organization","@id":"https:\/\/www.lavillaracine.com\/#organization","name":"Boutique Hotel La Villa Racine","alternateName":"Hotel La Villa Racine Dakar","url":"https:\/\/www.lavillaracine.com\/","logo":{"@type":"ImageObject","inLanguage":"fr-FR","@id":"https:\/\/www.lavillaracine.com\/#\/schema\/logo\/image\/","url":"https:\/\/www.lavillaracine.com\/wp-content\/uploads\/2021\/12\/LOGO-1.png","contentUrl":"https:\/\/www.lavillaracine.com\/wp-content\/uploads\/2021\/12\/LOGO-1.png","width":424,"height":996,"caption":"Boutique Hotel La Villa Racine"},"image":{"@id":"https:\/\/www.lavillaracine.com\/#\/schema\/logo\/image\/"},"sameAs":["https:\/\/www.facebook.com\/lavillaRacine","https:\/\/www.instagram.com\/hotel_lavillaracine\/"],"description":"Au c\u0153ur du Plateau, de ses quartiers d\u2019affaires, ses \u00e9tablissements financiers, ses commerces et ses sites culturels, Le Boutique Hotel La villa Racine boutique-h\u00f4tel 4 \u00e9toiles, offre un cadre mariant confort, \u00e9l\u00e9gance, et s\u00e9curit\u00e9, propice \u00e0 la d\u00e9tente, \u00e0 l\u2019intimit\u00e9, \u00e0 la r\u00e9flexion, \u00e0 la conversation et au travail. H\u00f4tel d\u2019affaires, La Villa Racine, ce sont aussi des salles polyvalentes pour des conf\u00e9rences, expositions, s\u00e9minaires ou autres c\u00e9r\u00e9monies.","email":"lavillaracine@lavillaracine.com","telephone":"+221 33 889 41 41","legalName":"Boutique Hotel La Villa Racine","numberOfEmployees":{"@type":"QuantitativeValue","minValue":"11","maxValue":"50"}},{"@type":"Person","@id":"https:\/\/www.lavillaracine.com\/#\/schema\/person\/bd29c9dce6a95711f58316f93d0182e3","name":"support@digi-communication.com","image":{"@type":"ImageObject","inLanguage":"fr-FR","@id":"https:\/\/secure.gravatar.com\/avatar\/3e3858b76a247c2269c9ebc4846d715f6aaec5891817954688ecbf0b6adc07ec?s=96&d=mm&r=g","url":"https:\/\/secure.gravatar.com\/avatar\/3e3858b76a247c2269c9ebc4846d715f6aaec5891817954688ecbf0b6adc07ec?s=96&d=mm&r=g","contentUrl":"https:\/\/secure.gravatar.com\/avatar\/3e3858b76a247c2269c9ebc4846d715f6aaec5891817954688ecbf0b6adc07ec?s=96&d=mm&r=g","caption":"support@digi-communication.com"},"sameAs":["https:\/\/www.lavillaracine.com"],"url":"https:\/\/www.lavillaracine.com\/index.php\/author\/supportdigi-communication-com\/"}]}},"jetpack_featured_media_url":"https:\/\/www.lavillaracine.com\/wp-content\/uploads\/2024\/10\/Boutique-Hotel-La-Villa-Racine-Pourquoi-Organiser-ses-evenements-reunion-et-conference-a-la-villa-Racine-scaled.jpg","loftoceanMetas":{"authorName":"support@digi-communication.com","categories":[{"name":"Non class\u00e9","link":"https:\/\/www.lavillaracine.com\/index.php\/category\/non-classe\/","count":4}],"date":"30 octobre 2024","featuredImageSRC":"https:\/\/www.lavillaracine.com\/wp-content\/uploads\/2024\/10\/Boutique-Hotel-La-Villa-Racine-Pourquoi-Organiser-ses-evenements-reunion-et-conference-a-la-villa-Racine-150x150.jpg"},"_links":{"self":[{"href":"https:\/\/www.lavillaracine.com\/index.php\/wp-json\/wp\/v2\/posts\/3749","targetHints":{"allow":["GET"]}}],"collection":[{"href":"https:\/\/www.lavillaracine.com\/index.php\/wp-json\/wp\/v2\/posts"}],"about":[{"href":"https:\/\/www.lavillaracine.com\/index.php\/wp-json\/wp\/v2\/types\/post"}],"author":[{"embeddable":true,"href":"https:\/\/www.lavillaracine.com\/index.php\/wp-json\/wp\/v2\/users\/1"}],"replies":[{"embeddable":true,"href":"https:\/\/www.lavillaracine.com\/index.php\/wp-json\/wp\/v2\/comments?post=3749"}],"version-history":[{"count":3,"href":"https:\/\/www.lavillaracine.com\/index.php\/wp-json\/wp\/v2\/posts\/3749\/revisions"}],"predecessor-version":[{"id":4872,"href":"https:\/\/www.lavillaracine.com\/index.php\/wp-json\/wp\/v2\/posts\/3749\/revisions\/4872"}],"wp:featuredmedia":[{"embeddable":true,"href":"https:\/\/www.lavillaracine.com\/index.php\/wp-json\/wp\/v2\/media\/3776"}],"wp:attachment":[{"href":"https:\/\/www.lavillaracine.com\/index.php\/wp-json\/wp\/v2\/media?parent=3749"}],"wp:term":[{"taxonomy":"category","embeddable":true,"href":"https:\/\/www.lavillaracine.com\/index.php\/wp-json\/wp\/v2\/categories?post=3749"},{"taxonomy":"post_tag","embeddable":true,"href":"https:\/\/www.lavillaracine.com\/index.php\/wp-json\/wp\/v2\/tags?post=3749"}],"curies":[{"name":"wp","href":"https:\/\/api.w.org\/{rel}","templated":true}]}}