{"id":3659,"date":"2024-10-28T17:45:33","date_gmt":"2024-10-28T16:45:33","guid":{"rendered":"https:\/\/www.lavillaracine.com\/?p=3659"},"modified":"2025-02-26T19:51:45","modified_gmt":"2025-02-26T18:51:45","slug":"pourquoi-choisir-le-boutique-hotel-la-villa-racine-lors-de-votre-sejour-au-senegal","status":"publish","type":"post","link":"https:\/\/www.lavillaracine.com\/index.php\/2024\/10\/28\/pourquoi-choisir-le-boutique-hotel-la-villa-racine-lors-de-votre-sejour-au-senegal\/","title":{"rendered":"Pourquoi Choisir le Boutique H\u00f4tel La Villa Racine pour votre S\u00e9jour au S\u00e9n\u00e9gal ?"},"content":{"rendered":"\r\n<p>Si vous r\u00eavez d\u2019une escapade authentique et raffin\u00e9e au c\u0153ur du S\u00e9n\u00e9gal, le Boutique H\u00f4tel La Villa Racine est la destination id\u00e9ale. Nich\u00e9 dans un quartier historique de Dakar, notre \u00e9tablissement incarne le parfait m\u00e9lange entre luxe, confort et tradition s\u00e9n\u00e9galaise. Voici quelques raisons pour lesquelles La Villa Racine est le choix parfait pour un s\u00e9jour inoubliable au S\u00e9n\u00e9gal.<\/p>\r\n\r\n\r\n\r\n<p>1. Un Emplacement Id\u00e9al pour Explorer Dakar<\/p>\r\n\r\n\r\n\r\n<p>Situ\u00e9 au c\u0153ur de Dakar, La Villa Racine vous place \u00e0 quelques pas des principaux sites culturels et attractions de la ville. Vous pourrez facilement visiter l\u2019\u00eele de Gor\u00e9e, le mus\u00e9e des civilisations noires, et profiter de l\u2019animation des march\u00e9s locaux. En s\u00e9journant ici, vous \u00eates au centre des activit\u00e9s touristiques et culturelles, avec la possibilit\u00e9 d&rsquo;explorer les recoins vibrants de Dakar.<\/p>\r\n\r\n\r\n\r\n<p>2. Une Exp\u00e9rience H\u00f4teli\u00e8re Authentique<\/p>\r\n\r\n\r\n\r\n<p>Contrairement aux grandes cha\u00eenes h\u00f4teli\u00e8res, La Villa Racine vous offre une exp\u00e9rience plus intime et personnalis\u00e9e. Chaque chambre est unique, inspir\u00e9e par l\u2019esth\u00e9tique locale, et d\u00e9cor\u00e9e avec go\u00fbt pour vous plonger dans une ambiance \u00e9l\u00e9gante. Le personnel, form\u00e9 \u00e0 anticiper vos besoins, saura r\u00e9pondre \u00e0 vos attentes tout en vous faisant sentir chez vous, gr\u00e2ce \u00e0 un service sur mesure et une hospitalit\u00e9 s\u00e9n\u00e9galaise chaleureuse.<\/p>\r\n\r\n\r\n\r\n<p>3. Des Chambres Confortables au Design \u00c9pur\u00e9<\/p>\r\n\r\n\r\n\r\n<p>Les chambres de La Villa Racine sont con\u00e7ues pour offrir un confort optimal dans un cadre \u00e9l\u00e9gant et respectueux de l\u2019environnement. Avec une d\u00e9coration qui allie modernit\u00e9 et mat\u00e9riaux locaux, chaque espace est pens\u00e9 pour que vous vous y sentiez bien, tout en pr\u00e9servant une touche de l\u2019authenticit\u00e9 s\u00e9n\u00e9galaise. Nos \u00e9quipements de qualit\u00e9 (Wi-Fi haut d\u00e9bit, climatisation, literie luxueuse) assurent votre confort dans un environnement \u00e9l\u00e9gant et relaxant.<\/p>\r\n\r\n\r\n\r\n<p>4. La Cuisine S\u00e9n\u00e9galaise et Internationale Raffin\u00e9e<\/p>\r\n\r\n\r\n\r\n<p>Notre restaurant propose une carte de plats traditionnels s\u00e9n\u00e9galais et de mets internationaux soigneusement s\u00e9lectionn\u00e9s. Go\u00fbtez \u00e0 des sp\u00e9cialit\u00e9s locales comme le thieboudienne ou le yassa, ou optez pour des plats plus classiques revisit\u00e9s par notre chef. Nous utilisons des ingr\u00e9dients frais et locaux, pour une cuisine authentique et raffin\u00e9e qui saura ravir vos papilles.<\/p>\r\n\r\n\r\n\r\n<p>5. Un Havre de Paix dans la Ville<\/p>\r\n\r\n\r\n\r\n<p>Dans l\u2019effervescence de Dakar, La Villa Racine est un v\u00e9ritable sanctuaire o\u00f9 vous pouvez vous ressourcer apr\u00e8s une journ\u00e9e bien remplie. Profitez d\u2019espaces calmes pour vous d\u00e9tendre, avec des jardins verdoyants et des espaces communs accueillants. Que vous soyez en d\u00e9placement pour affaires ou en vacances, notre h\u00f4tel offre un cadre reposant et harmonieux.<\/p>\r\n\r\n\r\n\r\n<p>6. Des Services de Qualit\u00e9 pour un S\u00e9jour sans Soucis<\/p>\r\n\r\n\r\n\r\n<p>Nous avons \u00e0 c\u0153ur de vous offrir des services de qualit\u00e9 pour que votre s\u00e9jour se passe dans les meilleures conditions. La Villa Racine propose une gamme de services, incluant le transport vers l\u2019a\u00e9roport, l\u2019organisation d&rsquo;excursions et des conseils pour d\u00e9couvrir les meilleurs endroits de Dakar et du S\u00e9n\u00e9gal. Notre \u00e9quipe est toujours disponible pour vous conseiller et rendre votre s\u00e9jour aussi agr\u00e9able que possible.<\/p>\r\n\r\n\r\n\r\n<p>Conclusion : Vivez une Exp\u00e9rience Unique au C\u0153ur du S\u00e9n\u00e9gal<\/p>\r\n\r\n\r\n\r\n<p>Le Boutique H\u00f4tel La Villa Racine est plus qu\u2019un simple h\u00e9bergement : c\u2019est une exp\u00e9rience qui m\u00eale le charme s\u00e9n\u00e9galais, l\u2019\u00e9l\u00e9gance moderne et une hospitalit\u00e9 exceptionnelle. Que vous soyez en voyage d&rsquo;affaires, en lune de miel, ou simplement en qu\u00eate d\u2019un s\u00e9jour reposant, La Villa Racine vous offre un cadre parfait pour d\u00e9couvrir Dakar et ses merveilles.<\/p>\r\n\r\n\r\n\r\n<p>R\u00e9servez d\u00e8s maintenant et laissez-vous s\u00e9duire par le charme du S\u00e9n\u00e9gal dans un cadre unique et authentique.<\/p>\r\n","protected":false},"excerpt":{"rendered":"<p>Si vous r\u00eavez d\u2019une escapade authentique et raffin\u00e9e au c\u0153ur du S\u00e9n\u00e9gal, le Boutique H\u00f4tel La Villa Racine est la destination id\u00e9ale. Nich\u00e9 dans un quartier historique de Dakar, notre \u00e9tablissement incarne le parfait m\u00e9lange entre luxe, confort et tradition s\u00e9n\u00e9galaise. Voici quelques raisons pour lesquelles La Villa Racine est le choix parfait pour un s\u00e9jour inoubliable au S\u00e9n\u00e9gal. 1. Un Emplacement Id\u00e9al pour Explorer Dakar Situ\u00e9 au c\u0153ur de Dakar, La Villa Racine vous place \u00e0 quelques pas des principaux sites culturels et attractions de la ville. Vous pourrez facilement visiter l\u2019\u00eele de Gor\u00e9e, le mus\u00e9e des civilisations noires, et profiter de l\u2019animation des march\u00e9s locaux. En s\u00e9journant ici, vous \u00eates au centre des activit\u00e9s touristiques et culturelles, avec la possibilit\u00e9 d&rsquo;explorer les recoins vibrants de Dakar. 2. Une Exp\u00e9rience H\u00f4teli\u00e8re Authentique Contrairement aux grandes cha\u00eenes h\u00f4teli\u00e8res, La Villa Racine vous offre une exp\u00e9rience plus intime et personnalis\u00e9e. Chaque chambre est unique, inspir\u00e9e par l\u2019esth\u00e9tique locale, et d\u00e9cor\u00e9e avec go\u00fbt pour vous plonger dans une ambiance \u00e9l\u00e9gante. Le personnel, form\u00e9 \u00e0 anticiper vos besoins, saura r\u00e9pondre \u00e0 vos attentes tout en vous faisant sentir chez vous, gr\u00e2ce \u00e0 un service sur mesure et une hospitalit\u00e9 s\u00e9n\u00e9galaise chaleureuse. 3. Des Chambres Confortables au Design \u00c9pur\u00e9 Les chambres de La Villa Racine sont con\u00e7ues pour offrir un confort optimal dans un cadre \u00e9l\u00e9gant et respectueux de l\u2019environnement. Avec une d\u00e9coration qui allie modernit\u00e9 et mat\u00e9riaux locaux, chaque espace est pens\u00e9 pour que vous vous y sentiez bien, tout en pr\u00e9servant une touche de l\u2019authenticit\u00e9 s\u00e9n\u00e9galaise. Nos \u00e9quipements de qualit\u00e9 (Wi-Fi haut d\u00e9bit, climatisation, literie luxueuse) assurent votre confort dans un environnement \u00e9l\u00e9gant et relaxant. 4. La Cuisine S\u00e9n\u00e9galaise et Internationale Raffin\u00e9e Notre restaurant propose une carte de plats traditionnels s\u00e9n\u00e9galais et de mets internationaux soigneusement s\u00e9lectionn\u00e9s. Go\u00fbtez \u00e0 des sp\u00e9cialit\u00e9s locales comme le thieboudienne ou le yassa, ou optez pour des plats plus classiques revisit\u00e9s par notre chef. Nous utilisons des ingr\u00e9dients frais et locaux, pour une cuisine authentique et raffin\u00e9e qui saura ravir vos papilles. 5. Un Havre de Paix dans la Ville Dans l\u2019effervescence de Dakar, La Villa Racine est un v\u00e9ritable sanctuaire o\u00f9 vous pouvez vous ressourcer apr\u00e8s une journ\u00e9e bien remplie. Profitez d\u2019espaces calmes pour vous d\u00e9tendre, avec des jardins verdoyants et des espaces communs accueillants. Que vous soyez en d\u00e9placement pour affaires ou en vacances, notre h\u00f4tel offre un cadre reposant et harmonieux. 6. Des Services de Qualit\u00e9 pour un S\u00e9jour sans Soucis Nous avons \u00e0 c\u0153ur de vous offrir des services de qualit\u00e9 pour que votre s\u00e9jour se passe dans les meilleures conditions. La Villa Racine propose une gamme de services, incluant le transport vers l\u2019a\u00e9roport, l\u2019organisation d&rsquo;excursions et des conseils pour d\u00e9couvrir les meilleurs endroits de Dakar et du S\u00e9n\u00e9gal. Notre \u00e9quipe est toujours disponible pour vous conseiller et rendre votre s\u00e9jour aussi agr\u00e9able que possible. Conclusion : Vivez une Exp\u00e9rience Unique au C\u0153ur du S\u00e9n\u00e9gal Le Boutique H\u00f4tel La Villa Racine est plus qu\u2019un simple h\u00e9bergement : c\u2019est une exp\u00e9rience qui m\u00eale le charme s\u00e9n\u00e9galais, l\u2019\u00e9l\u00e9gance moderne et une hospitalit\u00e9 exceptionnelle. Que vous soyez en voyage d&rsquo;affaires, en lune de miel, ou simplement en qu\u00eate d\u2019un s\u00e9jour reposant, La Villa Racine vous offre un cadre parfait pour d\u00e9couvrir Dakar et ses merveilles. R\u00e9servez d\u00e8s maintenant et laissez-vous s\u00e9duire par le charme du S\u00e9n\u00e9gal dans un cadre unique et authentique.<\/p>\n","protected":false},"author":1,"featured_media":2648,"comment_status":"open","ping_status":"open","sticky":false,"template":"","format":"standard","meta":{"_price":"","_stock":"","_tribe_ticket_header":"","_tribe_default_ticket_provider":"","_tribe_ticket_capacity":"0","_ticket_start_date":"","_ticket_end_date":"","_tribe_ticket_show_description":"","_tribe_ticket_show_not_going":false,"_tribe_ticket_use_global_stock":"","_tribe_ticket_global_stock_level":"","_global_stock_mode":"","_global_stock_cap":"","_tribe_rsvp_for_event":"","_tribe_ticket_going_count":"","_tribe_ticket_not_going_count":"","_tribe_tickets_list":"[]","_tribe_ticket_has_attendee_info_fields":false,"loftocean_post_format_gallery":"","loftocean_post_format_gallery_ids":"","loftocean_post_format_gallery_urls":"","loftocean_post_format_video_id":0,"loftocean_post_format_video_url":"","loftocean_post_format_video_type":"","loftocean_post_format_video":"","loftocean_post_format_audio_type":"","loftocean_post_format_audio_url":"","loftocean_post_format_audio_id":0,"loftocean_post_format_audio":"","loftocean-like-count":0,"cozystay_single_post_hide_site_header":"","cozystay_single_post_site_header_source":"","cozystay_single_post_custom_site_header":"0","cozystay_single_post_custom_sticky_site_header":"0","cozystay_single_post_hide_page_title":"","cozystay_single_post_site_footer_hide_main":"","cozystay_single_custom_site_footer_main_source":"","cozystay_single_custom_site_footer_main":"0","cozystay_single_post_site_footer_hide_above":"","cozystay_single_custom_site_footer_above_source":"","cozystay_single_custom_site_footer_above":"0","cozystay_single_post_site_footer_hide_instagram":"","cozystay_single_post_site_footer_hide_bottom":"","cozystay_single_custom_mobile_menu_source":"","cozystay_single_custom_mobile_menu":"0","cozystay_single_custom_mobile_menu_animation":"","cozystay_single_custom_mobile_menu_width":"","cozystay_single_custom_mobile_menu_custom_width":375,"cozystay_single_post_template":"","footnotes":""},"categories":[1],"tags":[],"class_list":["post-3659","post","type-post","status-publish","format-standard","has-post-thumbnail","hentry","category-non-classe"],"yoast_head":"<!-- This site is optimized with the Yoast SEO Premium plugin v27.3 (Yoast SEO v27.3) - https:\/\/yoast.com\/product\/yoast-seo-premium-wordpress\/ -->\n<title>Pourquoi choisir la Villa Racine pour vos vacances - Boutique Hotel La Villa Racine<\/title>\n<meta name=\"description\" content=\"D\u00e9couvrez pourquoi choisir la Villa Racine pour un s\u00e9jour authentique et raffin\u00e9 au c\u0153ur de Dakar, S\u00e9n\u00e9gal.\" \/>\n<meta name=\"robots\" content=\"index, follow, max-snippet:-1, max-image-preview:large, max-video-preview:-1\" \/>\n<link rel=\"canonical\" href=\"https:\/\/www.lavillaracine.com\/index.php\/2024\/10\/28\/pourquoi-choisir-le-boutique-hotel-la-villa-racine-lors-de-votre-sejour-au-senegal\/\" \/>\n<meta property=\"og:locale\" content=\"fr_FR\" \/>\n<meta property=\"og:type\" content=\"article\" \/>\n<meta property=\"og:title\" content=\"Pourquoi Choisir le Boutique H\u00f4tel La Villa Racine pour votre S\u00e9jour au S\u00e9n\u00e9gal ?\" \/>\n<meta property=\"og:description\" content=\"D\u00e9couvrez pourquoi choisir la Villa Racine pour un s\u00e9jour authentique et raffin\u00e9 au c\u0153ur de Dakar, S\u00e9n\u00e9gal.\" \/>\n<meta property=\"og:url\" content=\"https:\/\/www.lavillaracine.com\/index.php\/2024\/10\/28\/pourquoi-choisir-le-boutique-hotel-la-villa-racine-lors-de-votre-sejour-au-senegal\/\" \/>\n<meta property=\"og:site_name\" content=\"Boutique Hotel La Villa Racine\" \/>\n<meta property=\"article:publisher\" content=\"https:\/\/www.facebook.com\/lavillaRacine\" \/>\n<meta property=\"article:published_time\" content=\"2024-10-28T16:45:33+00:00\" \/>\n<meta property=\"article:modified_time\" content=\"2025-02-26T18:51:45+00:00\" \/>\n<meta property=\"og:image\" content=\"https:\/\/www.lavillaracine.com\/wp-content\/uploads\/2023\/05\/la-villa-racine-maj4-scaled.jpeg\" \/>\n\t<meta property=\"og:image:width\" content=\"2560\" \/>\n\t<meta property=\"og:image:height\" content=\"1706\" \/>\n\t<meta property=\"og:image:type\" content=\"image\/jpeg\" \/>\n<meta name=\"author\" content=\"support@digi-communication.com\" \/>\n<meta name=\"twitter:card\" content=\"summary_large_image\" \/>\n<meta name=\"twitter:label1\" content=\"\u00c9crit par\" \/>\n\t<meta name=\"twitter:data1\" content=\"support@digi-communication.com\" \/>\n\t<meta name=\"twitter:label2\" content=\"Dur\u00e9e de lecture estim\u00e9e\" \/>\n\t<meta name=\"twitter:data2\" content=\"4 minutes\" \/>\n<script type=\"application\/ld+json\" class=\"yoast-schema-graph\">{\"@context\":\"https:\\\/\\\/schema.org\",\"@graph\":[{\"@type\":\"Article\",\"@id\":\"https:\\\/\\\/www.lavillaracine.com\\\/index.php\\\/2024\\\/10\\\/28\\\/pourquoi-choisir-le-boutique-hotel-la-villa-racine-lors-de-votre-sejour-au-senegal\\\/#article\",\"isPartOf\":{\"@id\":\"https:\\\/\\\/www.lavillaracine.com\\\/index.php\\\/2024\\\/10\\\/28\\\/pourquoi-choisir-le-boutique-hotel-la-villa-racine-lors-de-votre-sejour-au-senegal\\\/\"},\"author\":{\"name\":\"support@digi-communication.com\",\"@id\":\"https:\\\/\\\/www.lavillaracine.com\\\/#\\\/schema\\\/person\\\/bd29c9dce6a95711f58316f93d0182e3\"},\"headline\":\"Pourquoi Choisir le Boutique H\u00f4tel La Villa Racine pour votre S\u00e9jour au S\u00e9n\u00e9gal ?\",\"datePublished\":\"2024-10-28T16:45:33+00:00\",\"dateModified\":\"2025-02-26T18:51:45+00:00\",\"mainEntityOfPage\":{\"@id\":\"https:\\\/\\\/www.lavillaracine.com\\\/index.php\\\/2024\\\/10\\\/28\\\/pourquoi-choisir-le-boutique-hotel-la-villa-racine-lors-de-votre-sejour-au-senegal\\\/\"},\"wordCount\":667,\"commentCount\":0,\"publisher\":{\"@id\":\"https:\\\/\\\/www.lavillaracine.com\\\/#organization\"},\"image\":{\"@id\":\"https:\\\/\\\/www.lavillaracine.com\\\/index.php\\\/2024\\\/10\\\/28\\\/pourquoi-choisir-le-boutique-hotel-la-villa-racine-lors-de-votre-sejour-au-senegal\\\/#primaryimage\"},\"thumbnailUrl\":\"https:\\\/\\\/www.lavillaracine.com\\\/wp-content\\\/uploads\\\/2023\\\/05\\\/la-villa-racine-maj4-scaled.jpeg\",\"inLanguage\":\"fr-FR\",\"potentialAction\":[{\"@type\":\"CommentAction\",\"name\":\"Comment\",\"target\":[\"https:\\\/\\\/www.lavillaracine.com\\\/index.php\\\/2024\\\/10\\\/28\\\/pourquoi-choisir-le-boutique-hotel-la-villa-racine-lors-de-votre-sejour-au-senegal\\\/#respond\"]}]},{\"@type\":\"WebPage\",\"@id\":\"https:\\\/\\\/www.lavillaracine.com\\\/index.php\\\/2024\\\/10\\\/28\\\/pourquoi-choisir-le-boutique-hotel-la-villa-racine-lors-de-votre-sejour-au-senegal\\\/\",\"url\":\"https:\\\/\\\/www.lavillaracine.com\\\/index.php\\\/2024\\\/10\\\/28\\\/pourquoi-choisir-le-boutique-hotel-la-villa-racine-lors-de-votre-sejour-au-senegal\\\/\",\"name\":\"Pourquoi choisir la Villa Racine pour vos vacances - Boutique Hotel La Villa Racine\",\"isPartOf\":{\"@id\":\"https:\\\/\\\/www.lavillaracine.com\\\/#website\"},\"primaryImageOfPage\":{\"@id\":\"https:\\\/\\\/www.lavillaracine.com\\\/index.php\\\/2024\\\/10\\\/28\\\/pourquoi-choisir-le-boutique-hotel-la-villa-racine-lors-de-votre-sejour-au-senegal\\\/#primaryimage\"},\"image\":{\"@id\":\"https:\\\/\\\/www.lavillaracine.com\\\/index.php\\\/2024\\\/10\\\/28\\\/pourquoi-choisir-le-boutique-hotel-la-villa-racine-lors-de-votre-sejour-au-senegal\\\/#primaryimage\"},\"thumbnailUrl\":\"https:\\\/\\\/www.lavillaracine.com\\\/wp-content\\\/uploads\\\/2023\\\/05\\\/la-villa-racine-maj4-scaled.jpeg\",\"datePublished\":\"2024-10-28T16:45:33+00:00\",\"dateModified\":\"2025-02-26T18:51:45+00:00\",\"description\":\"D\u00e9couvrez pourquoi choisir la Villa Racine pour un s\u00e9jour authentique et raffin\u00e9 au c\u0153ur de Dakar, S\u00e9n\u00e9gal.\",\"breadcrumb\":{\"@id\":\"https:\\\/\\\/www.lavillaracine.com\\\/index.php\\\/2024\\\/10\\\/28\\\/pourquoi-choisir-le-boutique-hotel-la-villa-racine-lors-de-votre-sejour-au-senegal\\\/#breadcrumb\"},\"inLanguage\":\"fr-FR\",\"potentialAction\":[{\"@type\":\"ReadAction\",\"target\":[\"https:\\\/\\\/www.lavillaracine.com\\\/index.php\\\/2024\\\/10\\\/28\\\/pourquoi-choisir-le-boutique-hotel-la-villa-racine-lors-de-votre-sejour-au-senegal\\\/\"]}]},{\"@type\":\"ImageObject\",\"inLanguage\":\"fr-FR\",\"@id\":\"https:\\\/\\\/www.lavillaracine.com\\\/index.php\\\/2024\\\/10\\\/28\\\/pourquoi-choisir-le-boutique-hotel-la-villa-racine-lors-de-votre-sejour-au-senegal\\\/#primaryimage\",\"url\":\"https:\\\/\\\/www.lavillaracine.com\\\/wp-content\\\/uploads\\\/2023\\\/05\\\/la-villa-racine-maj4-scaled.jpeg\",\"contentUrl\":\"https:\\\/\\\/www.lavillaracine.com\\\/wp-content\\\/uploads\\\/2023\\\/05\\\/la-villa-racine-maj4-scaled.jpeg\",\"width\":2560,\"height\":1706},{\"@type\":\"BreadcrumbList\",\"@id\":\"https:\\\/\\\/www.lavillaracine.com\\\/index.php\\\/2024\\\/10\\\/28\\\/pourquoi-choisir-le-boutique-hotel-la-villa-racine-lors-de-votre-sejour-au-senegal\\\/#breadcrumb\",\"itemListElement\":[{\"@type\":\"ListItem\",\"position\":1,\"name\":\"Home\",\"item\":\"https:\\\/\\\/www.lavillaracine.com\\\/\"},{\"@type\":\"ListItem\",\"position\":2,\"name\":\"Pourquoi Choisir le Boutique H\u00f4tel La Villa Racine pour votre S\u00e9jour au S\u00e9n\u00e9gal ?\"}]},{\"@type\":\"WebSite\",\"@id\":\"https:\\\/\\\/www.lavillaracine.com\\\/#website\",\"url\":\"https:\\\/\\\/www.lavillaracine.com\\\/\",\"name\":\"Boutique Hotel La Villa Racine\",\"description\":\"L&#039;hotel qui vous change de l&#039;hotel\",\"publisher\":{\"@id\":\"https:\\\/\\\/www.lavillaracine.com\\\/#organization\"},\"alternateName\":\"Hotel la Villa Racine Dakar\",\"potentialAction\":[{\"@type\":\"SearchAction\",\"target\":{\"@type\":\"EntryPoint\",\"urlTemplate\":\"https:\\\/\\\/www.lavillaracine.com\\\/?s={search_term_string}\"},\"query-input\":{\"@type\":\"PropertyValueSpecification\",\"valueRequired\":true,\"valueName\":\"search_term_string\"}}],\"inLanguage\":\"fr-FR\"},{\"@type\":\"Organization\",\"@id\":\"https:\\\/\\\/www.lavillaracine.com\\\/#organization\",\"name\":\"Boutique Hotel La Villa Racine\",\"alternateName\":\"Hotel La Villa Racine Dakar\",\"url\":\"https:\\\/\\\/www.lavillaracine.com\\\/\",\"logo\":{\"@type\":\"ImageObject\",\"inLanguage\":\"fr-FR\",\"@id\":\"https:\\\/\\\/www.lavillaracine.com\\\/#\\\/schema\\\/logo\\\/image\\\/\",\"url\":\"https:\\\/\\\/www.lavillaracine.com\\\/wp-content\\\/uploads\\\/2021\\\/12\\\/LOGO-1.png\",\"contentUrl\":\"https:\\\/\\\/www.lavillaracine.com\\\/wp-content\\\/uploads\\\/2021\\\/12\\\/LOGO-1.png\",\"width\":424,\"height\":996,\"caption\":\"Boutique Hotel La Villa Racine\"},\"image\":{\"@id\":\"https:\\\/\\\/www.lavillaracine.com\\\/#\\\/schema\\\/logo\\\/image\\\/\"},\"sameAs\":[\"https:\\\/\\\/www.facebook.com\\\/lavillaRacine\",\"https:\\\/\\\/www.instagram.com\\\/hotel_lavillaracine\\\/\"],\"description\":\"Au c\u0153ur du Plateau, de ses quartiers d\u2019affaires, ses \u00e9tablissements financiers, ses commerces et ses sites culturels, Le Boutique Hotel La villa Racine boutique-h\u00f4tel 4 \u00e9toiles, offre un cadre mariant confort, \u00e9l\u00e9gance, et s\u00e9curit\u00e9, propice \u00e0 la d\u00e9tente, \u00e0 l\u2019intimit\u00e9, \u00e0 la r\u00e9flexion, \u00e0 la conversation et au travail. H\u00f4tel d\u2019affaires, La Villa Racine, ce sont aussi des salles polyvalentes pour des conf\u00e9rences, expositions, s\u00e9minaires ou autres c\u00e9r\u00e9monies.\",\"email\":\"lavillaracine@lavillaracine.com\",\"telephone\":\"+221 33 889 41 41\",\"legalName\":\"Boutique Hotel La Villa Racine\",\"numberOfEmployees\":{\"@type\":\"QuantitativeValue\",\"minValue\":\"11\",\"maxValue\":\"50\"}},{\"@type\":\"Person\",\"@id\":\"https:\\\/\\\/www.lavillaracine.com\\\/#\\\/schema\\\/person\\\/bd29c9dce6a95711f58316f93d0182e3\",\"name\":\"support@digi-communication.com\",\"image\":{\"@type\":\"ImageObject\",\"inLanguage\":\"fr-FR\",\"@id\":\"https:\\\/\\\/secure.gravatar.com\\\/avatar\\\/3e3858b76a247c2269c9ebc4846d715f6aaec5891817954688ecbf0b6adc07ec?s=96&d=mm&r=g\",\"url\":\"https:\\\/\\\/secure.gravatar.com\\\/avatar\\\/3e3858b76a247c2269c9ebc4846d715f6aaec5891817954688ecbf0b6adc07ec?s=96&d=mm&r=g\",\"contentUrl\":\"https:\\\/\\\/secure.gravatar.com\\\/avatar\\\/3e3858b76a247c2269c9ebc4846d715f6aaec5891817954688ecbf0b6adc07ec?s=96&d=mm&r=g\",\"caption\":\"support@digi-communication.com\"},\"sameAs\":[\"https:\\\/\\\/www.lavillaracine.com\"],\"url\":\"https:\\\/\\\/www.lavillaracine.com\\\/index.php\\\/author\\\/supportdigi-communication-com\\\/\"}]}<\/script>\n<!-- \/ Yoast SEO Premium plugin. -->","yoast_head_json":{"title":"Pourquoi choisir la Villa Racine pour vos vacances - Boutique Hotel La Villa Racine","description":"D\u00e9couvrez pourquoi choisir la Villa Racine pour un s\u00e9jour authentique et raffin\u00e9 au c\u0153ur de Dakar, S\u00e9n\u00e9gal.","robots":{"index":"index","follow":"follow","max-snippet":"max-snippet:-1","max-image-preview":"max-image-preview:large","max-video-preview":"max-video-preview:-1"},"canonical":"https:\/\/www.lavillaracine.com\/index.php\/2024\/10\/28\/pourquoi-choisir-le-boutique-hotel-la-villa-racine-lors-de-votre-sejour-au-senegal\/","og_locale":"fr_FR","og_type":"article","og_title":"Pourquoi Choisir le Boutique H\u00f4tel La Villa Racine pour votre S\u00e9jour au S\u00e9n\u00e9gal ?","og_description":"D\u00e9couvrez pourquoi choisir la Villa Racine pour un s\u00e9jour authentique et raffin\u00e9 au c\u0153ur de Dakar, S\u00e9n\u00e9gal.","og_url":"https:\/\/www.lavillaracine.com\/index.php\/2024\/10\/28\/pourquoi-choisir-le-boutique-hotel-la-villa-racine-lors-de-votre-sejour-au-senegal\/","og_site_name":"Boutique Hotel La Villa Racine","article_publisher":"https:\/\/www.facebook.com\/lavillaRacine","article_published_time":"2024-10-28T16:45:33+00:00","article_modified_time":"2025-02-26T18:51:45+00:00","og_image":[{"width":2560,"height":1706,"url":"https:\/\/www.lavillaracine.com\/wp-content\/uploads\/2023\/05\/la-villa-racine-maj4-scaled.jpeg","type":"image\/jpeg"}],"author":"support@digi-communication.com","twitter_card":"summary_large_image","twitter_misc":{"\u00c9crit par":"support@digi-communication.com","Dur\u00e9e de lecture estim\u00e9e":"4 minutes"},"schema":{"@context":"https:\/\/schema.org","@graph":[{"@type":"Article","@id":"https:\/\/www.lavillaracine.com\/index.php\/2024\/10\/28\/pourquoi-choisir-le-boutique-hotel-la-villa-racine-lors-de-votre-sejour-au-senegal\/#article","isPartOf":{"@id":"https:\/\/www.lavillaracine.com\/index.php\/2024\/10\/28\/pourquoi-choisir-le-boutique-hotel-la-villa-racine-lors-de-votre-sejour-au-senegal\/"},"author":{"name":"support@digi-communication.com","@id":"https:\/\/www.lavillaracine.com\/#\/schema\/person\/bd29c9dce6a95711f58316f93d0182e3"},"headline":"Pourquoi Choisir le Boutique H\u00f4tel La Villa Racine pour votre S\u00e9jour au S\u00e9n\u00e9gal ?","datePublished":"2024-10-28T16:45:33+00:00","dateModified":"2025-02-26T18:51:45+00:00","mainEntityOfPage":{"@id":"https:\/\/www.lavillaracine.com\/index.php\/2024\/10\/28\/pourquoi-choisir-le-boutique-hotel-la-villa-racine-lors-de-votre-sejour-au-senegal\/"},"wordCount":667,"commentCount":0,"publisher":{"@id":"https:\/\/www.lavillaracine.com\/#organization"},"image":{"@id":"https:\/\/www.lavillaracine.com\/index.php\/2024\/10\/28\/pourquoi-choisir-le-boutique-hotel-la-villa-racine-lors-de-votre-sejour-au-senegal\/#primaryimage"},"thumbnailUrl":"https:\/\/www.lavillaracine.com\/wp-content\/uploads\/2023\/05\/la-villa-racine-maj4-scaled.jpeg","inLanguage":"fr-FR","potentialAction":[{"@type":"CommentAction","name":"Comment","target":["https:\/\/www.lavillaracine.com\/index.php\/2024\/10\/28\/pourquoi-choisir-le-boutique-hotel-la-villa-racine-lors-de-votre-sejour-au-senegal\/#respond"]}]},{"@type":"WebPage","@id":"https:\/\/www.lavillaracine.com\/index.php\/2024\/10\/28\/pourquoi-choisir-le-boutique-hotel-la-villa-racine-lors-de-votre-sejour-au-senegal\/","url":"https:\/\/www.lavillaracine.com\/index.php\/2024\/10\/28\/pourquoi-choisir-le-boutique-hotel-la-villa-racine-lors-de-votre-sejour-au-senegal\/","name":"Pourquoi choisir la Villa Racine pour vos vacances - Boutique Hotel La Villa Racine","isPartOf":{"@id":"https:\/\/www.lavillaracine.com\/#website"},"primaryImageOfPage":{"@id":"https:\/\/www.lavillaracine.com\/index.php\/2024\/10\/28\/pourquoi-choisir-le-boutique-hotel-la-villa-racine-lors-de-votre-sejour-au-senegal\/#primaryimage"},"image":{"@id":"https:\/\/www.lavillaracine.com\/index.php\/2024\/10\/28\/pourquoi-choisir-le-boutique-hotel-la-villa-racine-lors-de-votre-sejour-au-senegal\/#primaryimage"},"thumbnailUrl":"https:\/\/www.lavillaracine.com\/wp-content\/uploads\/2023\/05\/la-villa-racine-maj4-scaled.jpeg","datePublished":"2024-10-28T16:45:33+00:00","dateModified":"2025-02-26T18:51:45+00:00","description":"D\u00e9couvrez pourquoi choisir la Villa Racine pour un s\u00e9jour authentique et raffin\u00e9 au c\u0153ur de Dakar, S\u00e9n\u00e9gal.","breadcrumb":{"@id":"https:\/\/www.lavillaracine.com\/index.php\/2024\/10\/28\/pourquoi-choisir-le-boutique-hotel-la-villa-racine-lors-de-votre-sejour-au-senegal\/#breadcrumb"},"inLanguage":"fr-FR","potentialAction":[{"@type":"ReadAction","target":["https:\/\/www.lavillaracine.com\/index.php\/2024\/10\/28\/pourquoi-choisir-le-boutique-hotel-la-villa-racine-lors-de-votre-sejour-au-senegal\/"]}]},{"@type":"ImageObject","inLanguage":"fr-FR","@id":"https:\/\/www.lavillaracine.com\/index.php\/2024\/10\/28\/pourquoi-choisir-le-boutique-hotel-la-villa-racine-lors-de-votre-sejour-au-senegal\/#primaryimage","url":"https:\/\/www.lavillaracine.com\/wp-content\/uploads\/2023\/05\/la-villa-racine-maj4-scaled.jpeg","contentUrl":"https:\/\/www.lavillaracine.com\/wp-content\/uploads\/2023\/05\/la-villa-racine-maj4-scaled.jpeg","width":2560,"height":1706},{"@type":"BreadcrumbList","@id":"https:\/\/www.lavillaracine.com\/index.php\/2024\/10\/28\/pourquoi-choisir-le-boutique-hotel-la-villa-racine-lors-de-votre-sejour-au-senegal\/#breadcrumb","itemListElement":[{"@type":"ListItem","position":1,"name":"Home","item":"https:\/\/www.lavillaracine.com\/"},{"@type":"ListItem","position":2,"name":"Pourquoi Choisir le Boutique H\u00f4tel La Villa Racine pour votre S\u00e9jour au S\u00e9n\u00e9gal ?"}]},{"@type":"WebSite","@id":"https:\/\/www.lavillaracine.com\/#website","url":"https:\/\/www.lavillaracine.com\/","name":"Boutique Hotel La Villa Racine","description":"L&#039;hotel qui vous change de l&#039;hotel","publisher":{"@id":"https:\/\/www.lavillaracine.com\/#organization"},"alternateName":"Hotel la Villa Racine Dakar","potentialAction":[{"@type":"SearchAction","target":{"@type":"EntryPoint","urlTemplate":"https:\/\/www.lavillaracine.com\/?s={search_term_string}"},"query-input":{"@type":"PropertyValueSpecification","valueRequired":true,"valueName":"search_term_string"}}],"inLanguage":"fr-FR"},{"@type":"Organization","@id":"https:\/\/www.lavillaracine.com\/#organization","name":"Boutique Hotel La Villa Racine","alternateName":"Hotel La Villa Racine Dakar","url":"https:\/\/www.lavillaracine.com\/","logo":{"@type":"ImageObject","inLanguage":"fr-FR","@id":"https:\/\/www.lavillaracine.com\/#\/schema\/logo\/image\/","url":"https:\/\/www.lavillaracine.com\/wp-content\/uploads\/2021\/12\/LOGO-1.png","contentUrl":"https:\/\/www.lavillaracine.com\/wp-content\/uploads\/2021\/12\/LOGO-1.png","width":424,"height":996,"caption":"Boutique Hotel La Villa Racine"},"image":{"@id":"https:\/\/www.lavillaracine.com\/#\/schema\/logo\/image\/"},"sameAs":["https:\/\/www.facebook.com\/lavillaRacine","https:\/\/www.instagram.com\/hotel_lavillaracine\/"],"description":"Au c\u0153ur du Plateau, de ses quartiers d\u2019affaires, ses \u00e9tablissements financiers, ses commerces et ses sites culturels, Le Boutique Hotel La villa Racine boutique-h\u00f4tel 4 \u00e9toiles, offre un cadre mariant confort, \u00e9l\u00e9gance, et s\u00e9curit\u00e9, propice \u00e0 la d\u00e9tente, \u00e0 l\u2019intimit\u00e9, \u00e0 la r\u00e9flexion, \u00e0 la conversation et au travail. H\u00f4tel d\u2019affaires, La Villa Racine, ce sont aussi des salles polyvalentes pour des conf\u00e9rences, expositions, s\u00e9minaires ou autres c\u00e9r\u00e9monies.","email":"lavillaracine@lavillaracine.com","telephone":"+221 33 889 41 41","legalName":"Boutique Hotel La Villa Racine","numberOfEmployees":{"@type":"QuantitativeValue","minValue":"11","maxValue":"50"}},{"@type":"Person","@id":"https:\/\/www.lavillaracine.com\/#\/schema\/person\/bd29c9dce6a95711f58316f93d0182e3","name":"support@digi-communication.com","image":{"@type":"ImageObject","inLanguage":"fr-FR","@id":"https:\/\/secure.gravatar.com\/avatar\/3e3858b76a247c2269c9ebc4846d715f6aaec5891817954688ecbf0b6adc07ec?s=96&d=mm&r=g","url":"https:\/\/secure.gravatar.com\/avatar\/3e3858b76a247c2269c9ebc4846d715f6aaec5891817954688ecbf0b6adc07ec?s=96&d=mm&r=g","contentUrl":"https:\/\/secure.gravatar.com\/avatar\/3e3858b76a247c2269c9ebc4846d715f6aaec5891817954688ecbf0b6adc07ec?s=96&d=mm&r=g","caption":"support@digi-communication.com"},"sameAs":["https:\/\/www.lavillaracine.com"],"url":"https:\/\/www.lavillaracine.com\/index.php\/author\/supportdigi-communication-com\/"}]}},"jetpack_featured_media_url":"https:\/\/www.lavillaracine.com\/wp-content\/uploads\/2023\/05\/la-villa-racine-maj4-scaled.jpeg","loftoceanMetas":{"authorName":"support@digi-communication.com","categories":[{"name":"Non class\u00e9","link":"https:\/\/www.lavillaracine.com\/index.php\/category\/non-classe\/","count":4}],"date":"28 octobre 2024","featuredImageSRC":"https:\/\/www.lavillaracine.com\/wp-content\/uploads\/2023\/05\/la-villa-racine-maj4-150x150.jpeg"},"_links":{"self":[{"href":"https:\/\/www.lavillaracine.com\/index.php\/wp-json\/wp\/v2\/posts\/3659","targetHints":{"allow":["GET"]}}],"collection":[{"href":"https:\/\/www.lavillaracine.com\/index.php\/wp-json\/wp\/v2\/posts"}],"about":[{"href":"https:\/\/www.lavillaracine.com\/index.php\/wp-json\/wp\/v2\/types\/post"}],"author":[{"embeddable":true,"href":"https:\/\/www.lavillaracine.com\/index.php\/wp-json\/wp\/v2\/users\/1"}],"replies":[{"embeddable":true,"href":"https:\/\/www.lavillaracine.com\/index.php\/wp-json\/wp\/v2\/comments?post=3659"}],"version-history":[{"count":2,"href":"https:\/\/www.lavillaracine.com\/index.php\/wp-json\/wp\/v2\/posts\/3659\/revisions"}],"predecessor-version":[{"id":3703,"href":"https:\/\/www.lavillaracine.com\/index.php\/wp-json\/wp\/v2\/posts\/3659\/revisions\/3703"}],"wp:featuredmedia":[{"embeddable":true,"href":"https:\/\/www.lavillaracine.com\/index.php\/wp-json\/wp\/v2\/media\/2648"}],"wp:attachment":[{"href":"https:\/\/www.lavillaracine.com\/index.php\/wp-json\/wp\/v2\/media?parent=3659"}],"wp:term":[{"taxonomy":"category","embeddable":true,"href":"https:\/\/www.lavillaracine.com\/index.php\/wp-json\/wp\/v2\/categories?post=3659"},{"taxonomy":"post_tag","embeddable":true,"href":"https:\/\/www.lavillaracine.com\/index.php\/wp-json\/wp\/v2\/tags?post=3659"}],"curies":[{"name":"wp","href":"https:\/\/api.w.org\/{rel}","templated":true}]}}